{"id":991,"date":"2026-04-29T12:24:54","date_gmt":"2026-04-29T10:24:54","guid":{"rendered":"https:\/\/www.gil24.com\/Fr\/?p=991"},"modified":"2026-04-29T12:24:56","modified_gmt":"2026-04-29T10:24:56","slug":"sahel-en-feu-lombre-algerienne-plane-sur-le-terrorisme-malien","status":"publish","type":"post","link":"https:\/\/www.gil24.com\/Fr\/sahel-en-feu-lombre-algerienne-plane-sur-le-terrorisme-malien\/","title":{"rendered":"SAHEL EN FEU : L&rsquo;OMBRE ALG\u00c9RIENNE PLANE SUR LE TERRORISME MALIEN"},"content":{"rendered":"\n<p><\/p>\n\n\n\n<p>Un d\u00e9bat houleux a \u00e9clat\u00e9 sur France 24, mettant en lumi\u00e8re le soutien pr\u00e9sum\u00e9 de l&rsquo;Alg\u00e9rie aux groupes jihadistes op\u00e9rant au Mali. Selon des d\u00e9clarations recueillies par la cha\u00eene de t\u00e9l\u00e9vision, l&rsquo;Alg\u00e9rie serait impliqu\u00e9e dans les actions des jihadistes d&rsquo;Iyad Ag Ghali, leader du JNIM affili\u00e9 \u00e0 Al-Qa\u00efda.<\/p>\n\n\n\n<p>Cette accusation, lourde de cons\u00e9quences, confirme les d\u00e9nonciations r\u00e9p\u00e9t\u00e9es du Mali, qui accuse l&rsquo;Alg\u00e9rie d&rsquo;ing\u00e9rence profonde et structur\u00e9e dans la r\u00e9gion. Sous couvert de m\u00e9diation et de discours pacificateurs, Alger entretiendrait une relation trouble avec les organisations terroristes, facilitant leurs mouvements, ravitaillements et capacit\u00e9s de frappe.<\/p>\n\n\n\n<p>Les autorit\u00e9s maliennes ont officiellement accus\u00e9 l&rsquo;Alg\u00e9rie de complicit\u00e9 avec les terroristes, affirmant qu&rsquo;elle leur offrait \u00ab\u00a0g\u00eete et couvert\u00a0\u00bb et menait une politique d&rsquo;ing\u00e9rence syst\u00e9matique. Ces accusations, r\u00e9p\u00e9t\u00e9es devant les instances internationales, sont loin d&rsquo;\u00eatre anodines.<\/p>\n\n\n\n<p>Les cons\u00e9quences de cette situation sont dramatiques : attaques sanglantes contre l&rsquo;arm\u00e9e malienne, massacres de civils, villages terroris\u00e9s et instabilit\u00e9 chronique. Un sc\u00e9nario qui profite \u00e0 un seul acteur : l&rsquo;Alg\u00e9rie, qui cherche \u00e0 maintenir son contr\u00f4le sur le Sahel et \u00e0 affaiblir ses voisins.<\/p>\n\n\n\n<p>Il est temps que la communaut\u00e9 internationale, l&rsquo;Union africaine, la CEDEAO et les partenaires du Mali exigent la fin de cette hypocrisie. La lutte contre le terrorisme ne peut pas s&rsquo;accommoder de parrains occultes. Le peuple malien paie un prix trop lourd pour les ambitions h\u00e9g\u00e9moniques d&rsquo;Alger. Assez de complaisance !<\/p>\n","protected":false},"excerpt":{"rendered":"<div class=\"mh-excerpt\"><p>Un d\u00e9bat houleux a \u00e9clat\u00e9 sur France 24, mettant en lumi\u00e8re le soutien pr\u00e9sum\u00e9 de l&rsquo;Alg\u00e9rie aux groupes jihadistes op\u00e9rant au Mali. Selon des d\u00e9clarations recueillies par la cha\u00eene de t\u00e9l\u00e9vision, l&rsquo;Alg\u00e9rie serait impliqu\u00e9e dans <a class=\"mh-excerpt-more\" href=\"https:\/\/www.gil24.com\/Fr\/sahel-en-feu-lombre-algerienne-plane-sur-le-terrorisme-malien\/\" title=\"SAHEL EN FEU : L&rsquo;OMBRE ALG\u00c9RIENNE PLANE SUR LE TERRORISME MALIEN\">[&#8230;]<\/a><\/p>\n<\/div>","protected":false},"author":1,"featured_media":992,"comment_status":"open","ping_status":"open","sticky":false,"template":"","format":"standard","meta":{"iawp_total_views":1,"footnotes":""},"categories":[2,4],"tags":[],"class_list":{"0":"post-991","1":"post","2":"type-post","3":"status-publish","4":"format-standard","5":"has-post-thumbnail","7":"category-une","8":"category-politique-internationale"},"_links":{"self":[{"href":"https:\/\/www.gil24.com\/Fr\/wp-json\/wp\/v2\/posts\/991","targetHints":{"allow":["GET"]}}],"collection":[{"href":"https:\/\/www.gil24.com\/Fr\/wp-json\/wp\/v2\/posts"}],"about":[{"href":"https:\/\/www.gil24.com\/Fr\/wp-json\/wp\/v2\/types\/post"}],"author":[{"embeddable":true,"href":"https:\/\/www.gil24.com\/Fr\/wp-json\/wp\/v2\/users\/1"}],"replies":[{"embeddable":true,"href":"https:\/\/www.gil24.com\/Fr\/wp-json\/wp\/v2\/comments?post=991"}],"version-history":[{"count":1,"href":"https:\/\/www.gil24.com\/Fr\/wp-json\/wp\/v2\/posts\/991\/revisions"}],"predecessor-version":[{"id":993,"href":"https:\/\/www.gil24.com\/Fr\/wp-json\/wp\/v2\/posts\/991\/revisions\/993"}],"wp:featuredmedia":[{"embeddable":true,"href":"https:\/\/www.gil24.com\/Fr\/wp-json\/wp\/v2\/media\/992"}],"wp:attachment":[{"href":"https:\/\/www.gil24.com\/Fr\/wp-json\/wp\/v2\/media?parent=991"}],"wp:term":[{"taxonomy":"category","embeddable":true,"href":"https:\/\/www.gil24.com\/Fr\/wp-json\/wp\/v2\/categories?post=991"},{"taxonomy":"post_tag","embeddable":true,"href":"https:\/\/www.gil24.com\/Fr\/wp-json\/wp\/v2\/tags?post=991"}],"curies":[{"name":"wp","href":"https:\/\/api.w.org\/{rel}","templated":true}]}}