{"id":984,"date":"2026-04-28T01:05:32","date_gmt":"2026-04-27T23:05:32","guid":{"rendered":"https:\/\/www.gil24.com\/Fr\/?p=984"},"modified":"2026-04-28T01:05:35","modified_gmt":"2026-04-27T23:05:35","slug":"oujda-accueille-un-colloque-international-sur-repenser-les-pratiques-pedagogiques-comme-reponse-aux-dysfonctionnements-de-lenseignement-superieur","status":"publish","type":"post","link":"https:\/\/www.gil24.com\/Fr\/oujda-accueille-un-colloque-international-sur-repenser-les-pratiques-pedagogiques-comme-reponse-aux-dysfonctionnements-de-lenseignement-superieur\/","title":{"rendered":"Oujda accueille un colloque international sur \u00ab Repenser les pratiques p\u00e9dagogiques comme r\u00e9ponse aux dysfonctionnements de l\u2019enseignement sup\u00e9rieur \u00bb"},"content":{"rendered":"\n<p><\/p>\n\n\n\n<p class=\"has-medium-font-size\"><strong>La Facult\u00e9 des Sciences Juridiques, \u00c9conomiques et Sociales de l\u2019Universit\u00e9 Mohammed Premier d\u2019Oujda organise, le mercredi 29 avril 2026, un colloque international \/ d\u00e9bat sous le th\u00e8me : \u00ab Repenser les pratiques p\u00e9dagogiques comme r\u00e9ponse aux dysfonctionnements de l\u2019enseignement sup\u00e9rieur \u00bb, \u00e0 la salle des conf\u00e9rences de la facult\u00e9.<\/strong><\/p>\n\n\n\n<p class=\"has-medium-font-size\">Cet \u00e9v\u00e9nement scientifique est port\u00e9 par l\u2019\u00c9quipe de recherche \u00ab \u00c9valuation de l\u2019Action Publique et Dynamique Territoriale \u00bb et le Laboratoire Interdisciplinaire des Recherches \u00c9conomiques, \u00c9conom\u00e9triques et Manag\u00e9riales, en partenariat avec l\u2019American International Academy for Higher Education and Training (Delaware, \u00c9tats-Unis).<\/p>\n\n\n\n<p class=\"has-medium-font-size\">L\u2019objectif est d\u2019engager une r\u00e9flexion critique sur les maux de l\u2019universit\u00e9 marocaine et internationale, et de proposer des r\u00e9ponses concr\u00e8tes par le renouveau des pratiques p\u00e9dagogiques, loin des constats st\u00e9riles, en privil\u00e9giant les approches compar\u00e9es et innovantes.<\/p>\n\n\n\n<p class=\"has-medium-font-size\"><strong>Session pl\u00e9ni\u00e8re (15h00 \u2013 17h15) \u2013 Amphi 5 :<\/strong><br>Mod\u00e9r\u00e9e par le Pr. Kamal HASSANI, elle r\u00e9unira plusieurs interventions :<\/p>\n\n\n\n<ul class=\"wp-block-list\">\n<li class=\"has-medium-font-size\">Pr. Mohammed BENSEDDIK : \u00ab Questionner nos fa\u00e7ons de publier et faire de la recherche en management : comment sommes-nous arriv\u00e9s \u00e0 construire un syst\u00e8me de publication dysfonctionnel ? \u00bb<\/li>\n\n\n\n<li class=\"has-medium-font-size\">Pr. Zineb DEBBAGH : \u00ab \u00c9valuation formative et diversification des modalit\u00e9s : leviers pour une p\u00e9dagogie inclusive et efficace \u00bb<\/li>\n\n\n\n<li class=\"has-medium-font-size\">Pr. Abdelkader BERHILI : \u00ab L\u2019\u00e9valuation au sein des universit\u00e9s marocaines \u00bb<\/li>\n\n\n\n<li class=\"has-medium-font-size\">Pr. Issam BOUSALAM : \u00ab Repenser les pratiques p\u00e9dagogiques \u00e0 l\u2019\u00e8re de l\u2019obsolescence cognitive : du \u00ab\u00a0Glitch\u00a0\u00bb syst\u00e9mique \u00e0 l\u2019intelligence centaure \u00bb<\/li>\n\n\n\n<li class=\"has-medium-font-size\">Pr. Youssef KHALFAOUI : \u00ab Former \u00e0 diriger et \u00e0 pr\u00e9parer une th\u00e8se de doctorat : une analyse sous l\u2019angle de la didactique professionnelle \u00bb<\/li>\n\n\n\n<li class=\"has-medium-font-size\">Pr. Mohammed DRARIS : \u00ab L\u2019adaptation de la formation au march\u00e9 de l\u2019emploi au Maroc \u00bb<\/li>\n\n\n\n<li class=\"has-medium-font-size\">Pr. Mohamed AMHADOUK : \u00ab Une conception int\u00e9gr\u00e9e et professionnelle des \u00e9tudes amazighes dans l\u2019universit\u00e9 marocaine \u00bb<\/li>\n\n\n\n<li class=\"has-medium-font-size\">Pr. Hanae BELHASSANI : \u00ab Enhancing Student Success through Innovative Assessment Practices in Communication Courses for Engineering Students \u00bb<\/li>\n\n\n\n<li class=\"has-medium-font-size\">Dr. Safaa HADDADJ : \u00ab La place de la formation continue dans l\u2019am\u00e9lioration de la recherche scientifique universitaire selon un nouveau mod\u00e8le p\u00e9dagogique \u00bb<\/li>\n<\/ul>\n\n\n\n<p class=\"has-medium-font-size\"><strong>Atelier doctoral (15h00 \u2013 18h00) \u2013 Salle des soutenances de Master :<\/strong><br>Encadr\u00e9 par les Pr. Adil RACHDI et Pr. Alaa eddine EL MOUSSAOUI, il accueille une quinzaine de communications de doctorants sur des sujets vari\u00e9s : \u00e9valuation des apprentissages, pens\u00e9e critique \u00e0 l\u2019\u00e8re num\u00e9rique, intelligence artificielle g\u00e9n\u00e9rative, classe invers\u00e9e, comp\u00e9tences \u00e9motionnelles et sociales, \u00e9chec scolaire, objectivit\u00e9 en recherche juridique, universit\u00e9 et intelligence territoriale, etc.<\/p>\n\n\n\n<p class=\"has-medium-font-size\"><strong>La cl\u00f4ture du colloque aura lieu \u00e0 18h30 avec la pr\u00e9sentation des recommandations<\/strong><\/p>\n\n\n<a href=\"https:\/\/www.gil24.com\/Fr\/wp-content\/uploads\/2026\/04\/Programme-du-Colloque-International-definitif.pdf\" class=\"pdfemb-viewer\" style=\"\" data-width=\"max\" data-height=\"max\" data-toolbar=\"bottom\" data-toolbar-fixed=\"off\">Programme-du-Colloque-International-definitif<\/a>","protected":false},"excerpt":{"rendered":"<div class=\"mh-excerpt\"><p>La Facult\u00e9 des Sciences Juridiques, \u00c9conomiques et Sociales de l\u2019Universit\u00e9 Mohammed Premier d\u2019Oujda organise, le mercredi 29 avril 2026, un colloque international \/ d\u00e9bat sous le th\u00e8me : \u00ab Repenser les pratiques p\u00e9dagogiques comme r\u00e9ponse <a class=\"mh-excerpt-more\" href=\"https:\/\/www.gil24.com\/Fr\/oujda-accueille-un-colloque-international-sur-repenser-les-pratiques-pedagogiques-comme-reponse-aux-dysfonctionnements-de-lenseignement-superieur\/\" title=\"Oujda accueille un colloque international sur \u00ab Repenser les pratiques p\u00e9dagogiques comme r\u00e9ponse aux dysfonctionnements de l\u2019enseignement sup\u00e9rieur \u00bb\">[&#8230;]<\/a><\/p>\n<\/div>","protected":false},"author":1,"featured_media":985,"comment_status":"open","ping_status":"open","sticky":false,"template":"","format":"standard","meta":{"iawp_total_views":71,"footnotes":""},"categories":[78,2,3],"tags":[],"class_list":{"0":"post-984","1":"post","2":"type-post","3":"status-publish","4":"format-standard","5":"has-post-thumbnail","7":"category-culture","8":"category-une","9":"category-politique-nationale"},"_links":{"self":[{"href":"https:\/\/www.gil24.com\/Fr\/wp-json\/wp\/v2\/posts\/984","targetHints":{"allow":["GET"]}}],"collection":[{"href":"https:\/\/www.gil24.com\/Fr\/wp-json\/wp\/v2\/posts"}],"about":[{"href":"https:\/\/www.gil24.com\/Fr\/wp-json\/wp\/v2\/types\/post"}],"author":[{"embeddable":true,"href":"https:\/\/www.gil24.com\/Fr\/wp-json\/wp\/v2\/users\/1"}],"replies":[{"embeddable":true,"href":"https:\/\/www.gil24.com\/Fr\/wp-json\/wp\/v2\/comments?post=984"}],"version-history":[{"count":1,"href":"https:\/\/www.gil24.com\/Fr\/wp-json\/wp\/v2\/posts\/984\/revisions"}],"predecessor-version":[{"id":987,"href":"https:\/\/www.gil24.com\/Fr\/wp-json\/wp\/v2\/posts\/984\/revisions\/987"}],"wp:featuredmedia":[{"embeddable":true,"href":"https:\/\/www.gil24.com\/Fr\/wp-json\/wp\/v2\/media\/985"}],"wp:attachment":[{"href":"https:\/\/www.gil24.com\/Fr\/wp-json\/wp\/v2\/media?parent=984"}],"wp:term":[{"taxonomy":"category","embeddable":true,"href":"https:\/\/www.gil24.com\/Fr\/wp-json\/wp\/v2\/categories?post=984"},{"taxonomy":"post_tag","embeddable":true,"href":"https:\/\/www.gil24.com\/Fr\/wp-json\/wp\/v2\/tags?post=984"}],"curies":[{"name":"wp","href":"https:\/\/api.w.org\/{rel}","templated":true}]}}