{"id":979,"date":"2026-04-28T00:54:58","date_gmt":"2026-04-27T22:54:58","guid":{"rendered":"https:\/\/www.gil24.com\/Fr\/?p=979"},"modified":"2026-04-28T00:58:01","modified_gmt":"2026-04-27T22:58:01","slug":"colloque-national-a-marrakech-sur-le-systeme-mediatique-au-maroc-et-les-enjeux-de-lintersection-entre-droit-et-ethique","status":"publish","type":"post","link":"https:\/\/www.gil24.com\/Fr\/colloque-national-a-marrakech-sur-le-systeme-mediatique-au-maroc-et-les-enjeux-de-lintersection-entre-droit-et-ethique\/","title":{"rendered":"Colloque national sur \u00ab Le syst\u00e8me m\u00e9diatique au Maroc et les enjeux de l\u2019intersection entre droit et \u00e9thique \u00bb"},"content":{"rendered":"\n<p><\/p>\n\n\n\n<p class=\"has-medium-font-size\"><strong>Le Centre Al Wahda pour les contentieux juridiques, les \u00e9tudes sociales et la recherche strat\u00e9gique organise, le 25 mai 2026, en partenariat avec plusieurs acteurs m\u00e9diatiques et acad\u00e9miques, un colloque national coupl\u00e9 \u00e0 un appel \u00e0 contributions pour un ouvrage collectif, autour du th\u00e8me : \u00ab Le syst\u00e8me m\u00e9diatique au Maroc et les enjeux de l\u2019intersection entre droit et \u00e9thique \u00bb.<\/strong><\/p>\n\n\n\n<p class=\"has-medium-font-size\">Ce colloque se tient dans un contexte marqu\u00e9 par des transformations rapides du paysage m\u00e9diatique marocain, soulevant des questions juridiques et \u00e9thiques profondes : comment concilier libert\u00e9 d\u2019expression et lutte contre la d\u00e9sinformation ? Comment pr\u00e9server l\u2019identit\u00e9 nationale et la coh\u00e9sion sociale tout en accompagnant les d\u00e9fis du d\u00e9veloppement durable ?<\/p>\n\n\n\n<p class=\"has-medium-font-size\">Selon sa note de cadrage, l\u2019\u00e9v\u00e9nement vise \u00e0 promouvoir un discours m\u00e9diatique responsable, capable de d\u00e9fendre les constantes du Royaume et de participer \u00e0 la formation d\u2019une conscience citoyenne critique, dans une transition du mod\u00e8le de \u00ab l\u2019\u00c9tat pourvoyeur \u00bb vers \u00ab l\u2019\u00c9tat garant et r\u00e9gulateur \u00bb, sans rompre le lien organique entre droit et \u00e9thique.<\/p>\n\n\n\n<h2 class=\"wp-block-heading\"><strong>Les principaux axes du colloque :<\/strong><\/h2>\n\n\n\n<ul class=\"wp-block-list\">\n<li class=\"has-medium-font-size\"><strong>Axe 1 :<\/strong>\u00a0Les d\u00e9terminants juridiques et sociaux du syst\u00e8me m\u00e9diatique au Maroc (limites de la production de contenu, responsabilit\u00e9 l\u00e9gale, r\u00f4le des m\u00e9dias en situations d\u2019urgence, articulation droit-\u00e9thique dans la d\u00e9cision m\u00e9diatique).<\/li>\n\n\n\n<li class=\"has-medium-font-size\"><strong>Axe 2 :<\/strong>\u00a0Les cadres juridiques r\u00e9gissant les utilisateurs des r\u00e9seaux sociaux (obligations et responsabilit\u00e9s des cr\u00e9ateurs de contenu, infractions num\u00e9riques, m\u00e9canismes de protection).<\/li>\n<\/ul>\n\n\n\n<p class=\"has-medium-font-size\"><strong>Comit\u00e9 scientifique :<\/strong>&nbsp;Compos\u00e9 de plusieurs chercheurs et universitaires, dont Dr. Adil El Ghanoubi, Dr. Hamid Lyssaf, Dr. Fouzi Ghrouss, Dr. Mohamed Daoudi, Dr. Najat El Amari, Dr. Hicham Kezzout, Dr. Badr El Himoudi (coordinateur g\u00e9n\u00e9ral), Dr. Mostafa Tayel (coordinateur g\u00e9n\u00e9ral), etc.<\/p>\n\n\n\n<p class=\"has-medium-font-size\"><strong>Comit\u00e9 d\u2019organisation :<\/strong>&nbsp;Mme Houria Boutakrmist, Mme Houda Bouchouq, Dr. Mostafa Tayel, Dr. Badr El Himoudi, M. Essam Karzazi, etc.<\/p>\n\n\n\n<p class=\"has-medium-font-size\"><strong>Conditions de participation :<\/strong><br>Les propositions de r\u00e9sum\u00e9s (300 mots max) sont accept\u00e9es en arabe, fran\u00e7ais, anglais ou espagnol. Le travail ne doit pas avoir \u00e9t\u00e9 publi\u00e9 ou pr\u00e9sent\u00e9 ant\u00e9rieurement.<br>\ud83d\udcc5&nbsp;<strong>Date limite de soumission des r\u00e9sum\u00e9s : 15 mai 2026<\/strong><br>\ud83d\udcc5&nbsp;<strong>Date limite de soumission des textes complets : 15 juin 2026<\/strong><\/p>\n\n\n\n<p class=\"has-medium-font-size\"><strong>Envoi des propositions par courriel :<\/strong><br>\ud83d\udce7&nbsp;revuerucjesrs@gmail.com<\/p>\n\n\n<a href=\"https:\/\/www.gil24.com\/Fr\/wp-content\/uploads\/2026\/04\/\u0645\u0646\u0638\u0648\u0645\u0629-\u0627\u0644\u0625\u0639\u0644\u0627\u0645-\u0628\u0627\u0644\u0645\u063a\u0631\u0628-\u0648\u0631\u0647\u0627\u0646\u0627\u062a-\u0627\u0644\u062a\u0642\u0627\u0637\u0639-\u0628\u064a\u0646-\u0627\u0644\u0642\u0627\u0646\u0648\u0646-\u0648\u0627\u0644\u0623\u062e\u0644\u0627\u0642-2.pdf\" class=\"pdfemb-viewer\" style=\"\" data-width=\"max\" data-height=\"max\" data-toolbar=\"bottom\" data-toolbar-fixed=\"off\">\u0645\u0646\u0638\u0648\u0645\u0629-\u0627\u0644\u0625\u0639\u0644\u0627\u0645-\u0628\u0627\u0644\u0645\u063a\u0631\u0628-\u0648\u0631\u0647\u0627\u0646\u0627\u062a-\u0627\u0644\u062a\u0642\u0627\u0637\u0639-\u0628\u064a\u0646-\u0627\u0644\u0642\u0627\u0646\u0648\u0646-\u0648\u0627\u0644\u0623\u062e\u0644\u0627\u0642-2<\/a>","protected":false},"excerpt":{"rendered":"<div class=\"mh-excerpt\"><p>Le Centre Al Wahda pour les contentieux juridiques, les \u00e9tudes sociales et la recherche strat\u00e9gique organise, le 25 mai 2026, en partenariat avec plusieurs acteurs m\u00e9diatiques et acad\u00e9miques, un colloque national coupl\u00e9 \u00e0 un appel <a class=\"mh-excerpt-more\" href=\"https:\/\/www.gil24.com\/Fr\/colloque-national-a-marrakech-sur-le-systeme-mediatique-au-maroc-et-les-enjeux-de-lintersection-entre-droit-et-ethique\/\" title=\"Colloque national sur \u00ab Le syst\u00e8me m\u00e9diatique au Maroc et les enjeux de l\u2019intersection entre droit et \u00e9thique \u00bb\">[&#8230;]<\/a><\/p>\n<\/div>","protected":false},"author":1,"featured_media":980,"comment_status":"open","ping_status":"open","sticky":false,"template":"","format":"standard","meta":{"iawp_total_views":6,"footnotes":""},"categories":[1],"tags":[],"class_list":{"0":"post-979","1":"post","2":"type-post","3":"status-publish","4":"format-standard","5":"has-post-thumbnail","7":"category-non-classe"},"_links":{"self":[{"href":"https:\/\/www.gil24.com\/Fr\/wp-json\/wp\/v2\/posts\/979","targetHints":{"allow":["GET"]}}],"collection":[{"href":"https:\/\/www.gil24.com\/Fr\/wp-json\/wp\/v2\/posts"}],"about":[{"href":"https:\/\/www.gil24.com\/Fr\/wp-json\/wp\/v2\/types\/post"}],"author":[{"embeddable":true,"href":"https:\/\/www.gil24.com\/Fr\/wp-json\/wp\/v2\/users\/1"}],"replies":[{"embeddable":true,"href":"https:\/\/www.gil24.com\/Fr\/wp-json\/wp\/v2\/comments?post=979"}],"version-history":[{"count":2,"href":"https:\/\/www.gil24.com\/Fr\/wp-json\/wp\/v2\/posts\/979\/revisions"}],"predecessor-version":[{"id":983,"href":"https:\/\/www.gil24.com\/Fr\/wp-json\/wp\/v2\/posts\/979\/revisions\/983"}],"wp:featuredmedia":[{"embeddable":true,"href":"https:\/\/www.gil24.com\/Fr\/wp-json\/wp\/v2\/media\/980"}],"wp:attachment":[{"href":"https:\/\/www.gil24.com\/Fr\/wp-json\/wp\/v2\/media?parent=979"}],"wp:term":[{"taxonomy":"category","embeddable":true,"href":"https:\/\/www.gil24.com\/Fr\/wp-json\/wp\/v2\/categories?post=979"},{"taxonomy":"post_tag","embeddable":true,"href":"https:\/\/www.gil24.com\/Fr\/wp-json\/wp\/v2\/tags?post=979"}],"curies":[{"name":"wp","href":"https:\/\/api.w.org\/{rel}","templated":true}]}}