{"id":963,"date":"2026-04-27T22:53:41","date_gmt":"2026-04-27T20:53:41","guid":{"rendered":"https:\/\/www.gil24.com\/Fr\/?p=963"},"modified":"2026-04-28T00:36:25","modified_gmt":"2026-04-27T22:36:25","slug":"oujda-accueille-un-colloque-international-sur-la-diplomatie-parallele-des-causes-nationales-au-soutien-a-linvestissement","status":"publish","type":"post","link":"https:\/\/www.gil24.com\/Fr\/oujda-accueille-un-colloque-international-sur-la-diplomatie-parallele-des-causes-nationales-au-soutien-a-linvestissement\/","title":{"rendered":"Oujda accueille un colloque international sur la diplomatie parall\u00e8le : des causes nationales au soutien \u00e0 l\u2019investissement"},"content":{"rendered":"\n<p class=\"has-medium-font-size\"><strong>L\u2019Universit\u00e9 Mohammed Premier d\u2019Oujda organise, le mardi 28 avril 2026, \u00e0 la salle des conf\u00e9rences de la Facult\u00e9 de M\u00e9decine et de Pharmacie, un colloque international sur le th\u00e8me : \u00ab La diplomatie parall\u00e8le : du service des causes nationales au soutien de l\u2019investissement et au renforcement de l\u2019\u00e9conomie marocaine \u00bb.<\/strong><\/p>\n\n\n\n<p class=\"has-medium-font-size\">Cet \u00e9v\u00e9nement scientifique est organis\u00e9 en collaboration avec  l\u2019\u00c9cole Nationale de Commerce et de Gestion d\u2019Oujda (ENCG), et la Facult\u00e9 des Sciences Juridiques, \u00c9conomiques et Sociales d\u2019Oujda.<\/p>\n\n\n\n<p class=\"has-medium-font-size\">La c\u00e9r\u00e9monie d\u2019ouverture (09h30-10h00) sera marqu\u00e9e par les allocutions du Pr\u00e9sident de l\u2019Universit\u00e9, du Directeur de l\u2019ENCG, du Doyen de la Facult\u00e9 des Sciences Juridiques, \u00c9conomiques et Sociales, ainsi que du mot du comit\u00e9 d\u2019organisation.<\/p>\n\n\n\n<h2 class=\"wp-block-heading\"><strong>Premi\u00e8re session pl\u00e9ni\u00e8re (10h00-12h00) :<\/strong><br>Mod\u00e9r\u00e9e par le Pr. Abdelkarim Jabri, elle r\u00e9unira plusieurs intervenants :<\/h2>\n\n\n\n<ul class=\"wp-block-list\">\n<li class=\"has-medium-font-size\">Pr. Intissar Haddiya : \u00ab <strong>De la diaspora des talents \u00e0 la diplomatie des comp\u00e9tences : le r\u00f4le<\/strong> <strong>de la science, la sant\u00e9 et l\u2019intelligence artificielle dans l\u2019attractivit\u00e9 du Maroc<\/strong> \u00bb.<\/li>\n\n\n\n<li class=\"has-medium-font-size\">Dr. Rachid El Maden : \u00ab <strong>L\u2019investissement dans l\u2019humain comme cl\u00e9 de la souverainet\u00e9 d\u00e9veloppementale<\/strong> \u00bb.<\/li>\n\n\n\n<li class=\"has-medium-font-size\">Dr. Khaled Hadj : \u00ab <strong>La diplomatie religieuse : opportunit\u00e9s et d\u00e9fis<\/strong> \u00bb.<\/li>\n\n\n\n<li class=\"has-medium-font-size\">Dr. Mohammed El Melhaoui : \u00ab <strong>La diplomatie religieuse et son r\u00f4le dans le soutien \u00e0 l\u2019investissement<\/strong> \u00bb.<\/li>\n\n\n\n<li class=\"has-medium-font-size\">Dr. Mohammed Drariss : \u00ab <strong>La diplomatie sportive et l\u2019investissement national et international : la Coupe du monde 2030 comme mod\u00e8le<\/strong> \u00bb.<\/li>\n\n\n\n<li class=\"has-medium-font-size\">Dr. Mourad Zenasni et Farah El Mounouar : \u00ab <strong>La diplomatie \u00e9conomique et l\u2019internationalisation des entreprises marocaines en Afrique<\/strong> \u00bb.<\/li>\n<\/ul>\n\n\n\n<h2 class=\"wp-block-heading\"><strong>Deuxi\u00e8me session pl\u00e9ni\u00e8re (12h30-13h30) :<\/strong><br>Mod\u00e9r\u00e9e par M. Mourad Zenasni, elle abordera :<\/h2>\n\n\n\n<ul class=\"wp-block-list\">\n<li class=\"has-medium-font-size\">Dr. Mostapha Eljail : \u00ab <strong>Maroc 2030 : cap sur l\u2019\u00e9mergence du Royaume<\/strong> \u00bb.<\/li>\n\n\n\n<li class=\"has-medium-font-size\">Pr. Boutaina Hassani : \u00ab <strong>Du tr\u00f4ne \u00e0 la sc\u00e8ne mondiale : la permanence du succ\u00e8s diplomatique marocain <\/strong>\u00bb.<\/li>\n\n\n\n<li class=\"has-medium-font-size\">Dr. Mohamad El Badaoui : \u00ab <strong>Les dimensions diplomatiques du d\u00e9cret sur les march\u00e9s publics : enjeux de confiance et d\u00e9fis d\u2019attractivit\u00e9 des investissements<\/strong> \u00bb.<\/li>\n\n\n\n<li class=\"has-medium-font-size\">Pr. Abdelkarim Jabri &amp; Dr. Rachid Yahyaoui : \u00ab <strong>Comment la stabilit\u00e9 politique favorise-t-elle la croissance \u00e9conomique au Maroc ?<\/strong> \u00bb.<\/li>\n<\/ul>\n\n\n\n<p class=\"has-medium-font-size\">Des interventions de doctorants viendront enrichir les d\u00e9bats sur la diplomatie des comp\u00e9tences, les acquis diplomatiques marocains dans le dossier du Sahara, et la politique culturelle destin\u00e9e aux Marocains du monde.<\/p>\n\n\n\n<p class=\"has-medium-font-size\">La cl\u00f4ture sera suivie de la publication des actes du colloque dans le&nbsp;<em>New Journal for Science Vulgarization<\/em>.<\/p>\n","protected":false},"excerpt":{"rendered":"<div class=\"mh-excerpt\"><p>L\u2019Universit\u00e9 Mohammed Premier d\u2019Oujda organise, le mardi 28 avril 2026, \u00e0 la salle des conf\u00e9rences de la Facult\u00e9 de M\u00e9decine et de Pharmacie, un colloque international sur le th\u00e8me : \u00ab La diplomatie parall\u00e8le : <a class=\"mh-excerpt-more\" href=\"https:\/\/www.gil24.com\/Fr\/oujda-accueille-un-colloque-international-sur-la-diplomatie-parallele-des-causes-nationales-au-soutien-a-linvestissement\/\" title=\"Oujda accueille un colloque international sur la diplomatie parall\u00e8le : des causes nationales au soutien \u00e0 l\u2019investissement\">[&#8230;]<\/a><\/p>\n<\/div>","protected":false},"author":1,"featured_media":964,"comment_status":"open","ping_status":"open","sticky":false,"template":"","format":"standard","meta":{"iawp_total_views":15,"footnotes":""},"categories":[2,4,3],"tags":[],"class_list":{"0":"post-963","1":"post","2":"type-post","3":"status-publish","4":"format-standard","5":"has-post-thumbnail","7":"category-une","8":"category-politique-internationale","9":"category-politique-nationale"},"_links":{"self":[{"href":"https:\/\/www.gil24.com\/Fr\/wp-json\/wp\/v2\/posts\/963","targetHints":{"allow":["GET"]}}],"collection":[{"href":"https:\/\/www.gil24.com\/Fr\/wp-json\/wp\/v2\/posts"}],"about":[{"href":"https:\/\/www.gil24.com\/Fr\/wp-json\/wp\/v2\/types\/post"}],"author":[{"embeddable":true,"href":"https:\/\/www.gil24.com\/Fr\/wp-json\/wp\/v2\/users\/1"}],"replies":[{"embeddable":true,"href":"https:\/\/www.gil24.com\/Fr\/wp-json\/wp\/v2\/comments?post=963"}],"version-history":[{"count":3,"href":"https:\/\/www.gil24.com\/Fr\/wp-json\/wp\/v2\/posts\/963\/revisions"}],"predecessor-version":[{"id":978,"href":"https:\/\/www.gil24.com\/Fr\/wp-json\/wp\/v2\/posts\/963\/revisions\/978"}],"wp:featuredmedia":[{"embeddable":true,"href":"https:\/\/www.gil24.com\/Fr\/wp-json\/wp\/v2\/media\/964"}],"wp:attachment":[{"href":"https:\/\/www.gil24.com\/Fr\/wp-json\/wp\/v2\/media?parent=963"}],"wp:term":[{"taxonomy":"category","embeddable":true,"href":"https:\/\/www.gil24.com\/Fr\/wp-json\/wp\/v2\/categories?post=963"},{"taxonomy":"post_tag","embeddable":true,"href":"https:\/\/www.gil24.com\/Fr\/wp-json\/wp\/v2\/tags?post=963"}],"curies":[{"name":"wp","href":"https:\/\/api.w.org\/{rel}","templated":true}]}}