{"id":951,"date":"2026-04-26T16:04:50","date_gmt":"2026-04-26T14:04:50","guid":{"rendered":"https:\/\/www.gil24.com\/Fr\/?p=951"},"modified":"2026-04-26T16:04:53","modified_gmt":"2026-04-26T14:04:53","slug":"trouble-de-lautisme-a-fes-un-seminaire-scientifique-ouvre-des-perspectives-de-diagnostic-precis-et-appelle-a-lautonomisation-sociale-des-enfants","status":"publish","type":"post","link":"https:\/\/www.gil24.com\/Fr\/trouble-de-lautisme-a-fes-un-seminaire-scientifique-ouvre-des-perspectives-de-diagnostic-precis-et-appelle-a-lautonomisation-sociale-des-enfants\/","title":{"rendered":"Trouble de l&rsquo;Autisme \u00e0 F\u00e8s : Un s\u00e9minaire scientifique ouvre des perspectives de diagnostic pr\u00e9cis et appelle \u00e0 l&rsquo;autonomisation sociale des enfants"},"content":{"rendered":"\n<p><\/p>\n\n\n\n<p class=\"has-medium-font-size\"><strong>Oujda \u2013<\/strong> Dans une initiative humanitaire et scientifique distingu\u00e9e, l&rsquo;association <strong>\u00ab\u00a0An-Najah pour la Solidarit\u00e9 et la Culture\u00a0\u00bb<\/strong>, en partenariat avec la <strong>\u00ab\u00a0Fondation des Amis de Figuig\u00a0\u00bb<\/strong>, a organis\u00e9 un s\u00e9minaire de sensibilisation intitul\u00e9 : <strong>\u00ab\u00a0L&rsquo;autisme entre diagnostic pr\u00e9cis et similitudes avec d&rsquo;autres troubles\u00a0\u00bb<\/strong>. Cette rencontre a constitu\u00e9 une plateforme pour mettre en lumi\u00e8re ce \u00ab\u00a0trouble de l&rsquo;\u00e9poque\u00a0\u00bb qui pr\u00e9occupe de nombreuses familles, au milieu d&rsquo;appels urgents \u00e0 la synergie des efforts entre la soci\u00e9t\u00e9 civile et les autorit\u00e9s responsables pour garantir une v\u00e9ritable inclusion de cette cat\u00e9gorie .<\/p>\n\n\n\n<div class=\"wp-block-columns is-layout-flex wp-container-core-columns-is-layout-9d6595d7 wp-block-columns-is-layout-flex\">\n<div class=\"wp-block-column is-layout-flow wp-block-column-is-layout-flow\">\n<figure class=\"wp-block-image size-large\"><img loading=\"lazy\" decoding=\"async\" width=\"1024\" height=\"573\" src=\"https:\/\/www.gil24.com\/Fr\/wp-content\/uploads\/2026\/04\/WhatsApp-Image-2026-04-25-at-20.15.44-1024x573.jpeg\" alt=\"\" class=\"wp-image-953\" srcset=\"https:\/\/www.gil24.com\/Fr\/wp-content\/uploads\/2026\/04\/WhatsApp-Image-2026-04-25-at-20.15.44-1024x573.jpeg 1024w, https:\/\/www.gil24.com\/Fr\/wp-content\/uploads\/2026\/04\/WhatsApp-Image-2026-04-25-at-20.15.44-300x168.jpeg 300w, https:\/\/www.gil24.com\/Fr\/wp-content\/uploads\/2026\/04\/WhatsApp-Image-2026-04-25-at-20.15.44-768x430.jpeg 768w, https:\/\/www.gil24.com\/Fr\/wp-content\/uploads\/2026\/04\/WhatsApp-Image-2026-04-25-at-20.15.44.jpeg 1280w\" sizes=\"auto, (max-width: 1024px) 100vw, 1024px\" \/><\/figure>\n<\/div>\n\n\n\n<div class=\"wp-block-column is-layout-flow wp-block-column-is-layout-flow\">\n<figure class=\"wp-block-image size-large\"><img loading=\"lazy\" decoding=\"async\" width=\"1024\" height=\"576\" src=\"https:\/\/www.gil24.com\/Fr\/wp-content\/uploads\/2026\/04\/WhatsApp-Image-2026-04-25-at-20.15.45-1-1024x576.jpeg\" alt=\"\" class=\"wp-image-954\" srcset=\"https:\/\/www.gil24.com\/Fr\/wp-content\/uploads\/2026\/04\/WhatsApp-Image-2026-04-25-at-20.15.45-1-1024x576.jpeg 1024w, https:\/\/www.gil24.com\/Fr\/wp-content\/uploads\/2026\/04\/WhatsApp-Image-2026-04-25-at-20.15.45-1-300x169.jpeg 300w, https:\/\/www.gil24.com\/Fr\/wp-content\/uploads\/2026\/04\/WhatsApp-Image-2026-04-25-at-20.15.45-1-768x432.jpeg 768w, https:\/\/www.gil24.com\/Fr\/wp-content\/uploads\/2026\/04\/WhatsApp-Image-2026-04-25-at-20.15.45-1-678x381.jpeg 678w, https:\/\/www.gil24.com\/Fr\/wp-content\/uploads\/2026\/04\/WhatsApp-Image-2026-04-25-at-20.15.45-1.jpeg 1280w\" sizes=\"auto, (max-width: 1024px) 100vw, 1024px\" \/><\/figure>\n<\/div>\n\n\n\n<div class=\"wp-block-column is-layout-flow wp-block-column-is-layout-flow\">\n<figure class=\"wp-block-image size-large\"><img loading=\"lazy\" decoding=\"async\" width=\"1024\" height=\"576\" src=\"https:\/\/www.gil24.com\/Fr\/wp-content\/uploads\/2026\/04\/WhatsApp-Image-2026-04-25-at-20.15.44-6-1024x576.jpeg\" alt=\"\" class=\"wp-image-955\" srcset=\"https:\/\/www.gil24.com\/Fr\/wp-content\/uploads\/2026\/04\/WhatsApp-Image-2026-04-25-at-20.15.44-6-1024x576.jpeg 1024w, https:\/\/www.gil24.com\/Fr\/wp-content\/uploads\/2026\/04\/WhatsApp-Image-2026-04-25-at-20.15.44-6-300x169.jpeg 300w, https:\/\/www.gil24.com\/Fr\/wp-content\/uploads\/2026\/04\/WhatsApp-Image-2026-04-25-at-20.15.44-6-768x432.jpeg 768w, https:\/\/www.gil24.com\/Fr\/wp-content\/uploads\/2026\/04\/WhatsApp-Image-2026-04-25-at-20.15.44-6-678x381.jpeg 678w, https:\/\/www.gil24.com\/Fr\/wp-content\/uploads\/2026\/04\/WhatsApp-Image-2026-04-25-at-20.15.44-6.jpeg 1280w\" sizes=\"auto, (max-width: 1024px) 100vw, 1024px\" \/><\/figure>\n<\/div>\n<\/div>\n\n\n\n<h2 class=\"wp-block-heading\"><strong>Le diagnostic pr\u00e9coce : Cl\u00e9 du changement<\/strong><\/h2>\n\n\n\n<p class=\"has-medium-font-size\">La <strong>Dr Meriem Mostati<\/strong>, psychiatre sp\u00e9cialis\u00e9e, a soulign\u00e9 que le trouble du spectre de l&rsquo;autisme est un trouble \u00ab\u00a0neuro-d\u00e9veloppemental\u00a0\u00bb qui appara\u00eet \u00e0 des stades tr\u00e8s pr\u00e9coces de la vie de l&rsquo;enfant . Elle a pr\u00e9cis\u00e9 que le diagnostic peut commencer avant l&rsquo;\u00e2ge de cinq ans, et que ses signes apparaissent m\u00eame d\u00e8s l&rsquo;\u00e2ge de <strong>18 mois<\/strong> .<\/p>\n\n\n\n<p class=\"has-medium-font-size\">La Dr Mostati a insist\u00e9 sur la n\u00e9cessit\u00e9 pour les parents de pr\u00eater attention \u00e0 des signes pr\u00e9cis, d\u00e9clarant : <strong>\u00ab Parmi les signes les plus marquants \u00e0 surveiller : l&rsquo;enfant fixe-t-il son regard dans vos yeux ? R\u00e9pond-il \u00e0 l&rsquo;appel lorsqu&rsquo;on prononce son nom ? \u00bb<\/strong>. Elle a \u00e9galement \u00e9voqu\u00e9 le ph\u00e9nom\u00e8ne de d\u00e9veloppement d\u00e9s\u00e9quilibr\u00e9, o\u00f9 un enfant peut exceller dans un domaine tr\u00e8s sp\u00e9cifique (comme la m\u00e9morisation des noms de mosqu\u00e9es) tout en \u00e9tant incapable de reconna\u00eetre des objets quotidiens simples comme les \u00ab\u00a0l\u00e9gumes\u00a0\u00bb, ce qui peut induire les parents en erreur et retarder le diagnostic.<\/p>\n\n\n\n<h2 class=\"wp-block-heading\"><strong>Pr\u00e9cision du diagnostic et distinction entre les troubles<\/strong><\/h2>\n\n\n\n<p class=\"has-medium-font-size\">De son c\u00f4t\u00e9, la <strong>Dr Bouchra Amnachen<\/strong>, psychiatre, a mis l&rsquo;accent sur l&rsquo;importance de distinguer l&rsquo;autisme des troubles similaires afin d&rsquo;\u00e9viter les erreurs de diagnostic. Elle a expliqu\u00e9 que certains comportements, tels que la \u00ab\u00a0phobie sociale\u00a0\u00bb ou le \u00ab\u00a0trouble obsessionnel-compulsif\u00a0\u00bb (TOC), peuvent donner une fausse impression d&rsquo;autisme.<\/p>\n\n\n\n<p class=\"has-medium-font-size\">La Dr Bouchra a soulign\u00e9 que les mouvements r\u00e9p\u00e9titifs ou l&rsquo;isolement ne signifient pas n\u00e9cessairement la pr\u00e9sence d&rsquo;autisme, affirmant : <strong>\u00ab La sensibilisation aux sympt\u00f4mes pr\u00e9coces de l&rsquo;autisme aidera au traitement et facilitera l&rsquo;avenir des enfants et de la famille \u00bb<\/strong>. Elle a estim\u00e9 que l&rsquo;objectif de ces rencontres est de corriger les st\u00e9r\u00e9otypes dominants et d&rsquo;apporter un soutien psychologique aux familles qui souffrent en silence .<\/p>\n\n\n\n<h2 class=\"wp-block-heading\"><strong>L&rsquo;inclusion scolaire : Du handicap \u00e0 l&rsquo;excellence<\/strong><\/h2>\n\n\n\n<p class=\"has-medium-font-size\">Concernant le volet de l&rsquo;accompagnement \u00e9ducatif, la <strong>Dr Sara Hakou<\/strong>, accompagnatrice psycho-p\u00e9dagogique, a consid\u00e9r\u00e9 que tout handicap doit se transformer en un <strong>\u00ab point de distinction et de diff\u00e9rence \u00bb<\/strong>. Elle a \u00e9voqu\u00e9 les d\u00e9fis auxquels sont confront\u00e9es les familles dans le parcours \u00e9ducatif, mentionnant le syst\u00e8me de \u00ab\u00a0dossier d&rsquo;adaptation\u00a0\u00bb adopt\u00e9 par l&rsquo;\u00c9tat pour faciliter les examens.<\/p>\n\n\n\n<p class=\"has-medium-font-size\">La Dr Hakou a lanc\u00e9 un appel direct aux parents sur la n\u00e9cessit\u00e9 d&rsquo;accepter la r\u00e9alit\u00e9 et de r\u00e9pondre aux observations des cadres \u00e9ducatifs, d\u00e9clarant : <strong>\u00ab Si je connais les probl\u00e8mes de mon enfant d\u00e8s son plus jeune \u00e2ge, je pourrai construire quelque chose de grand avec lui \u00e0 l&rsquo;avenir, tandis que le d\u00e9ni du probl\u00e8me entra\u00eene des complications graves \u00e0 l&rsquo;adolescence \u00bb<\/strong>. Elle a \u00e9galement cit\u00e9 des exemples de r\u00e9ussite mondiale, comme celui d&rsquo;Einstein, pour confirmer que le regard positif sur la diff\u00e9rence est ce qui fait la diff\u00e9rence.<\/p>\n\n\n\n<h2 class=\"wp-block-heading\"><strong>Responsabilit\u00e9 partag\u00e9e et revendications institutionnelles<\/strong><\/h2>\n\n\n\n<p class=\"has-medium-font-size\">En conclusion du s\u00e9minaire, le d\u00e9put\u00e9 <strong>Omar Aanane<\/strong> (dans le cadre de l&rsquo;initiative port\u00e9e par l&rsquo;association) a soulign\u00e9 que la question de l&rsquo;autisme n\u00e9cessite un plaidoyer collectif. Il a appel\u00e9 les acteurs de la soci\u00e9t\u00e9 civile \u00e0 se regrouper pour inciter les autorit\u00e9s responsables \u00e0 trouver des solutions concr\u00e8tes.<\/p>\n\n\n\n<p class=\"has-medium-font-size\">M. Aanane a insist\u00e9 sur la n\u00e9cessit\u00e9 de <strong>\u00ab cr\u00e9er des centres sp\u00e9cialis\u00e9s et de former des cadres qualifi\u00e9s dans les secteurs de la sant\u00e9, du social et de l&rsquo;\u00e9ducation \u00bb<\/strong>, estimant que les institutions, les responsables et les acteurs de divers secteurs sont directement concern\u00e9s par la garantie d&rsquo;une vie digne pour ces enfants et le renforcement de l&rsquo;\u00e9quilibre de leurs familles qui consentent d&rsquo;immenses sacrifices.<\/p>\n\n\n\n<p class=\"has-medium-font-size\">Le s\u00e9minaire s&rsquo;est achev\u00e9 sur une recommandation fondamentale : l&rsquo;autisme n&rsquo;est pas une fin en soi, mais le d\u00e9but d&rsquo;un parcours qui exige \u00ab\u00a0un diagnostic pr\u00e9cis, l&rsquo;acceptation familiale et un accompagnement institutionnel\u00a0\u00bb pour transformer la diff\u00e9rence en une force cr\u00e9atrice au sein de la soci\u00e9t\u00e9.<\/p>\n","protected":false},"excerpt":{"rendered":"<div class=\"mh-excerpt\"><p>Oujda \u2013 Dans une initiative humanitaire et scientifique distingu\u00e9e, l&rsquo;association \u00ab\u00a0An-Najah pour la Solidarit\u00e9 et la Culture\u00a0\u00bb, en partenariat avec la \u00ab\u00a0Fondation des Amis de Figuig\u00a0\u00bb, a organis\u00e9 un s\u00e9minaire de sensibilisation intitul\u00e9 : \u00ab\u00a0L&rsquo;autisme <a class=\"mh-excerpt-more\" href=\"https:\/\/www.gil24.com\/Fr\/trouble-de-lautisme-a-fes-un-seminaire-scientifique-ouvre-des-perspectives-de-diagnostic-precis-et-appelle-a-lautonomisation-sociale-des-enfants\/\" title=\"Trouble de l&rsquo;Autisme \u00e0 F\u00e8s : Un s\u00e9minaire scientifique ouvre des perspectives de diagnostic pr\u00e9cis et appelle \u00e0 l&rsquo;autonomisation sociale des enfants\">[&#8230;]<\/a><\/p>\n<\/div>","protected":false},"author":1,"featured_media":952,"comment_status":"open","ping_status":"open","sticky":false,"template":"","format":"standard","meta":{"iawp_total_views":8,"footnotes":""},"categories":[118,2,15],"tags":[],"class_list":{"0":"post-951","1":"post","2":"type-post","3":"status-publish","4":"format-standard","5":"has-post-thumbnail","7":"category-education-formation-recherche-scientifique","8":"category-une","9":"category-sante-environnement"},"_links":{"self":[{"href":"https:\/\/www.gil24.com\/Fr\/wp-json\/wp\/v2\/posts\/951","targetHints":{"allow":["GET"]}}],"collection":[{"href":"https:\/\/www.gil24.com\/Fr\/wp-json\/wp\/v2\/posts"}],"about":[{"href":"https:\/\/www.gil24.com\/Fr\/wp-json\/wp\/v2\/types\/post"}],"author":[{"embeddable":true,"href":"https:\/\/www.gil24.com\/Fr\/wp-json\/wp\/v2\/users\/1"}],"replies":[{"embeddable":true,"href":"https:\/\/www.gil24.com\/Fr\/wp-json\/wp\/v2\/comments?post=951"}],"version-history":[{"count":1,"href":"https:\/\/www.gil24.com\/Fr\/wp-json\/wp\/v2\/posts\/951\/revisions"}],"predecessor-version":[{"id":956,"href":"https:\/\/www.gil24.com\/Fr\/wp-json\/wp\/v2\/posts\/951\/revisions\/956"}],"wp:featuredmedia":[{"embeddable":true,"href":"https:\/\/www.gil24.com\/Fr\/wp-json\/wp\/v2\/media\/952"}],"wp:attachment":[{"href":"https:\/\/www.gil24.com\/Fr\/wp-json\/wp\/v2\/media?parent=951"}],"wp:term":[{"taxonomy":"category","embeddable":true,"href":"https:\/\/www.gil24.com\/Fr\/wp-json\/wp\/v2\/categories?post=951"},{"taxonomy":"post_tag","embeddable":true,"href":"https:\/\/www.gil24.com\/Fr\/wp-json\/wp\/v2\/tags?post=951"}],"curies":[{"name":"wp","href":"https:\/\/api.w.org\/{rel}","templated":true}]}}