{"id":942,"date":"2026-04-24T21:48:22","date_gmt":"2026-04-24T19:48:22","guid":{"rendered":"https:\/\/www.gil24.com\/Fr\/?p=942"},"modified":"2026-04-25T01:43:48","modified_gmt":"2026-04-24T23:43:48","slug":"technologie-italienne-et-production-marocaine-au-coeur-de-la-dynamique-du-salon-professionnel-de-laluminium-et-du-bois-de-casablanca","status":"publish","type":"post","link":"https:\/\/www.gil24.com\/Fr\/technologie-italienne-et-production-marocaine-au-coeur-de-la-dynamique-du-salon-professionnel-de-laluminium-et-du-bois-de-casablanca\/","title":{"rendered":"Die Zeit critique le bilan \u00ab d\u00e9sastreux \u00bb de Javier Milei : deux ans de \u00ab th\u00e9rapie de choc \u00bb en Argentine sous le microscope"},"content":{"rendered":"\n<p> 24 avril 2026<\/p>\n\n\n\n<p class=\"has-medium-font-size\">Le 19 avril 2026, le prestigieux hebdomadaire allemand Die Zeit publiait une longue tribune invit\u00e9e qui fait d\u00e9j\u00e0 beaucoup de bruit : \u00ab <strong>Argentinien : Mehr Milei wagen ? Die Bilanz ist verheerend <\/strong>\u00bb (\u00ab <strong>Oser plus de Milei ? Le bilan est d\u00e9sastreux<\/strong> \u00bb). Sign\u00e9 par l\u2019\u00e9conomiste Patrick Kaczmarczyk (universit\u00e9 de Mannheim et conseiller pour l\u2019UNCTAD\/ONU, proche du SPD social-d\u00e9mocrate), cet article dresse un r\u00e9quisitoire s\u00e9v\u00e8re contre les deux premi\u00e8res ann\u00e9es de Javier Milei \u00e0 la pr\u00e9sidence de l\u2019Argentine.<\/p>\n\n\n\n<h2 class=\"wp-block-heading\">Le c\u0153ur de la charge : une industrie \u00ab d\u00e9truite \u00bb<\/h2>\n\n\n\n<p class=\"has-medium-font-size\">Selon Kaczmarczyk, la promesse de Milei \u2013 \u00ab lib\u00e9rer l\u2019\u00e9conomie \u00bb par une d\u00e9r\u00e9gulation massive, des coupes budg\u00e9taires radicales et l\u2019ouverture aux importations \u2013 a produit l\u2019effet inverse. Au lieu de la croissance explosive attendue, les donn\u00e9es officielles de l\u2019INDEC (institut national de statistiques argentin) montrent une industrie en ruine :<\/p>\n\n\n\n<ul class=\"wp-block-list\">\n<li class=\"has-medium-font-size\">La capacit\u00e9 de production industrielle n\u2019est utilis\u00e9e qu\u2019\u00e0 <strong>53,6 %.<\/strong><\/li>\n\n\n\n<li class=\"has-medium-font-size\">Plus de <strong>2 400 entreprises<\/strong> ont ferm\u00e9.<\/li>\n\n\n\n<li class=\"has-medium-font-size\"><strong>73 000 emplois<\/strong> dans le secteur productif ont disparu.<\/li>\n\n\n\n<li class=\"has-medium-font-size\">Des pans entiers sont sinistr\u00e9s : automobile \u00e0 <strong>24 % de capacit\u00e9<\/strong>, machines-outils \u00e0 31 %.<\/li>\n<\/ul>\n\n\n\n<p class=\"has-medium-font-size\">L\u2019auteur pointe du doigt la fin des protections douani\u00e8res et des subventions : les industries locales, habitu\u00e9es \u00e0 vivre derri\u00e8re des barri\u00e8res tarifaires, n\u2019ont pas r\u00e9sist\u00e9 \u00e0 la concurrence. Les investissements se sont effondr\u00e9s, le ch\u00f4mage a augment\u00e9. \u00ab Les r\u00eaves lib\u00e9raux sont bris\u00e9s \u00bb, conclut-il. Milei aurait \u00ab d\u00e9truit la base industrielle du pays \u00bb au lieu de l\u2019entra\u00eener vers la modernit\u00e9.<\/p>\n\n\n\n<h2 class=\"wp-block-heading\">L\u2019inflation : une victoire en trompe-l\u2019\u0153il ?<\/h2>\n\n\n\n<p class=\"has-medium-font-size\">Sur le deuxi\u00e8me grand chantier de Milei \u2013 la lutte contre l\u2019hyperinflation h\u00e9rit\u00e9e du p\u00e9ronisme\/kirchnerisme \u2013, Die Zeit reconna\u00eet une baisse spectaculaire (de <strong>134 %<\/strong> l\u2019ann\u00e9e avant son arriv\u00e9e \u00e0 <strong>41 % <\/strong>en 2025), mais relativise fortement :<\/p>\n\n\n\n<ul class=\"wp-block-list\">\n<li class=\"has-medium-font-size\">L\u2019inflation a d\u2019abord explos\u00e9 \u00e0 220 % la premi\u00e8re ann\u00e9e, \u00e0 cause de la d\u00e9valuation brutale du peso et de la suppression des subventions.<\/li>\n\n\n\n<li class=\"has-medium-font-size\">Depuis mi-2025, le rythme mensuel stagne autour de <strong>3 %<\/strong> (voire l\u00e9g\u00e8rement sup\u00e9rieur \u00e0 l\u2019ann\u00e9e pr\u00e9c\u00e9dente).<\/li>\n\n\n\n<li class=\"has-medium-font-size\">Milei c\u00e9l\u00e8bre une \u00ab victoire \u00bb, mais l\u2019auteur y voit surtout un retour \u00e0 un niveau encore tr\u00e8s \u00e9lev\u00e9, loin d\u2019une inflation ma\u00eetris\u00e9e \u00e0 l\u2019allemande ou \u00e0 l\u2019europ\u00e9enne.<\/li>\n<\/ul>\n\n\n\n<p class=\"has-medium-font-size\">Kaczmarczyk \u00e9voque aussi la r\u00e9cente \u00ab modernisation du travail \u00bb de f\u00e9vrier 2026 : flexibilit\u00e9 accrue, paiement des salaires en nature possible, \u00ab banque d\u2019heures \u00bb permettant des journ\u00e9es de 12 heures sans majoration. Pour lui, c\u2019est un retour en arri\u00e8re social, non un levier de croissance.<\/p>\n\n\n\n<h2 class=\"wp-block-heading\">Le contexte que l\u2019article passe parfois sous silence<\/h2>\n\n\n\n<p class=\"has-medium-font-size\">Il est vrai que l\u2019Argentine \u00e9tait en faillite structurelle depuis des d\u00e9cennies : inflation galopante, dette explosive, subventions insoutenables, bureaucratie \u00e9touffante. Milei a h\u00e9rit\u00e9 d\u2019une \u00e9conomie au bord du gouffre (risque d\u2019hyperinflation \u00e0 17 000 % selon certaines projections fin 2023). Son \u00ab coup de hache \u00bb (la fameuse \u00ab motosierta \u00bb) a permis :<\/p>\n\n\n\n<ul class=\"wp-block-list\">\n<li class=\"has-medium-font-size\">Un exc\u00e9dent budg\u00e9taire primaire in\u00e9dit depuis des lustres.<\/li>\n\n\n\n<li class=\"has-medium-font-size\">Une stabilisation macro\u00e9conomique salu\u00e9e par le FMI et la Banque mondiale.<\/li>\n\n\n\n<li class=\"has-medium-font-size\">Une reprise du PIB en 2025 apr\u00e8s la r\u00e9cession in\u00e9vitable de 2024.<\/li>\n<\/ul>\n\n\n\n<p class=\"has-medium-font-size\">Des voix allemandes, comme celle de la Berliner Zeitung (qui a r\u00e9pondu d\u00e8s le 22 avril par un article intitul\u00e9 \u00ab Die Zeit discr\u00e9dite Milei, alors que son bilan est excellent \u00bb), soulignent que les pertes d\u2019emplois dans les secteurs prot\u00e9g\u00e9s sont compens\u00e9es par des cr\u00e9ations nettes ailleurs : +400 000 emplois au total, pauvret\u00e9 en baisse (divis\u00e9e par deux selon certains instituts ind\u00e9pendants), indice de libert\u00e9 \u00e9conomique en hausse record (+43 places), et une industrie qui repart depuis d\u00e9cembre 2025 dans 10 secteurs sur 16. Les importations, loin de d\u00e9truire des emplois, redistribueraient du pouvoir d\u2019achat et cr\u00e9eraient de la valeur dans les services et la consommation.<\/p>\n\n\n\n<h2 class=\"wp-block-heading\">Un d\u00e9bat qui d\u00e9passe l\u2019Argentine<\/h2>\n\n\n\n<p class=\"has-medium-font-size\">Cette tribune de Die Zeit n\u2019est pas anodine : elle s\u2019adresse directement aux d\u00e9bats europ\u00e9ens. En Allemagne, la CDU, le FDP et m\u00eame une partie de l\u2019AfD citent r\u00e9guli\u00e8rement Milei comme mod\u00e8le de \u00ab d\u00e9graissage de l\u2019\u00c9tat \u00bb. Kaczmarczyk leur envoie un avertissement clair : la th\u00e9rapie de choc lib\u00e9rale peut tuer le patient avant de le gu\u00e9rir.<\/p>\n\n\n\n<p class=\"has-medium-font-size\">Deux ans apr\u00e8s son \u00e9lection fracassante, Javier Milei reste un objet de fascination et de controverse mondiale. Pour ses d\u00e9tracteurs, il est le fossoyeur d\u2019une industrie d\u00e9j\u00e0 fragile. Pour ses partisans, il est le chirurgien qui op\u00e8re sans anesth\u00e9sie une \u00e9conomie canc\u00e9reuse. Les chiffres de l\u2019INDEC sont r\u00e9els\u2026 mais le cadrage reste \u00e9minemment politique.<\/p>\n\n\n\n<p class=\"has-medium-font-size\">L\u2019histoire n\u2019est pas termin\u00e9e. Les prochains mois diront si la \u00ab deuxi\u00e8me moiti\u00e9 du film \u00bb (la croissance durable promise par Milei) arrive enfin, ou si la d\u00e9sindustrialisation devient une cicatrice permanente. En attendant, Die Zeit a pos\u00e9 la question qui f\u00e2che : oser plus de Milei\u2026 ou pas ?<\/p>\n","protected":false},"excerpt":{"rendered":"<div class=\"mh-excerpt\"><p>24 avril 2026 Le 19 avril 2026, le prestigieux hebdomadaire allemand Die Zeit publiait une longue tribune invit\u00e9e qui fait d\u00e9j\u00e0 beaucoup de bruit : \u00ab Argentinien : Mehr Milei wagen ? Die Bilanz ist <a class=\"mh-excerpt-more\" href=\"https:\/\/www.gil24.com\/Fr\/technologie-italienne-et-production-marocaine-au-coeur-de-la-dynamique-du-salon-professionnel-de-laluminium-et-du-bois-de-casablanca\/\" title=\"Die Zeit critique le bilan \u00ab d\u00e9sastreux \u00bb de Javier Milei : deux ans de \u00ab th\u00e9rapie de choc \u00bb en Argentine sous le microscope\">[&#8230;]<\/a><\/p>\n<\/div>","protected":false},"author":1,"featured_media":948,"comment_status":"open","ping_status":"open","sticky":false,"template":"","format":"standard","meta":{"iawp_total_views":5,"footnotes":""},"categories":[2,4],"tags":[],"class_list":{"0":"post-942","1":"post","2":"type-post","3":"status-publish","4":"format-standard","5":"has-post-thumbnail","7":"category-une","8":"category-politique-internationale"},"_links":{"self":[{"href":"https:\/\/www.gil24.com\/Fr\/wp-json\/wp\/v2\/posts\/942","targetHints":{"allow":["GET"]}}],"collection":[{"href":"https:\/\/www.gil24.com\/Fr\/wp-json\/wp\/v2\/posts"}],"about":[{"href":"https:\/\/www.gil24.com\/Fr\/wp-json\/wp\/v2\/types\/post"}],"author":[{"embeddable":true,"href":"https:\/\/www.gil24.com\/Fr\/wp-json\/wp\/v2\/users\/1"}],"replies":[{"embeddable":true,"href":"https:\/\/www.gil24.com\/Fr\/wp-json\/wp\/v2\/comments?post=942"}],"version-history":[{"count":4,"href":"https:\/\/www.gil24.com\/Fr\/wp-json\/wp\/v2\/posts\/942\/revisions"}],"predecessor-version":[{"id":950,"href":"https:\/\/www.gil24.com\/Fr\/wp-json\/wp\/v2\/posts\/942\/revisions\/950"}],"wp:featuredmedia":[{"embeddable":true,"href":"https:\/\/www.gil24.com\/Fr\/wp-json\/wp\/v2\/media\/948"}],"wp:attachment":[{"href":"https:\/\/www.gil24.com\/Fr\/wp-json\/wp\/v2\/media?parent=942"}],"wp:term":[{"taxonomy":"category","embeddable":true,"href":"https:\/\/www.gil24.com\/Fr\/wp-json\/wp\/v2\/categories?post=942"},{"taxonomy":"post_tag","embeddable":true,"href":"https:\/\/www.gil24.com\/Fr\/wp-json\/wp\/v2\/tags?post=942"}],"curies":[{"name":"wp","href":"https:\/\/api.w.org\/{rel}","templated":true}]}}