{"id":38240,"date":"2023-08-16T00:51:33","date_gmt":"2023-08-15T23:51:33","guid":{"rendered":"https:\/\/www.gil24.com\/360\/?p=38240"},"modified":"2023-08-16T00:51:36","modified_gmt":"2023-08-15T23:51:36","slug":"agir-maintenant-avant-quil-ne-soit-trop-tard-le-monde-face-au-risque-climatique","status":"publish","type":"post","link":"https:\/\/www.gil24.com\/360\/agir-maintenant-avant-quil-ne-soit-trop-tard-le-monde-face-au-risque-climatique\/","title":{"rendered":"Agir maintenant avant qu\u2019il ne soit trop tard\u2026 Le Monde face au risque climatique"},"content":{"rendered":"\n<p class=\"has-medium-font-size\" dir=\"ltr\">Par Abdeslam Seddiki<\/p>\n\n\n\n<p class=\"has-medium-font-size\" dir=\"ltr\">Alors que le monde connait une multiplication de catastrophes naturelles sous forme de s\u00e9cheresses r\u00e9p\u00e9titives, d\u2019inondations ravageuses, d\u2019incendies destructeurs, il est temps de r\u00e9fl\u00e9chir \u00e0 l\u2019avenir de ce monde et \u00e0 l\u2019humanit\u00e9 dans son ensemble. Il est temps de nous interroger sur les risques que court l\u2019humanit\u00e9 suite \u00e0 cet acharnement de la nature qui prend sa revanche par rapport \u00e0 l\u2019agression syst\u00e9matique dont elle a fait l\u2019objet au cours des si\u00e8cles, voire des mill\u00e9naires. Tous les appels lanc\u00e9s par les scientifiques et les chercheurs, face \u00e0 la gravit\u00e9 de la situation, ne sont pas parvenus \u00e0 \u00e9veiller les consciences. Tous les engagements pris dans les diff\u00e9rents sommets et rencontres mondiales sont rest\u00e9s pour l\u2019essentiel de simples v\u0153ux pieux, \u00e0 commencer par les engagements des accords de Paris pris dans le cadre de La COP 21. Les risques climatiques ne rel\u00e8vent plus de nos jours de simples hypoth\u00e8ses. Le r\u00e9chauffement de la plan\u00e8te devient d\u00e9sormais une r\u00e9alit\u00e9 avec toutes les cons\u00e9quences que cela entraine. Partout \u00e0 travers le monde, on assiste \u00e0 des catastrophes naturelles de grande ampleur. La presse nous rapporte quotidiennement des nouvelles inqui\u00e9tantes \u00e0 ce sujet. Les pr\u00e9visions pour l\u2019avenir proche et lointain sont loin d\u2019\u00eatre rassurantes. Il serait utile de consulter le dernier ouvrage de Jacques Attali pour s\u2019apercevoir du danger que court le monde dans les d\u00e9cennies \u00e0 venir, si rien de concret n\u2019est fait pour conjuguer les efforts et contr\u00f4ler la situation. (cf \u00ab Le Monde, modes d\u2019emploi. Comprendre, pr\u00e9voir, agir, prot\u00e9ger \u00bb, \u00e9d. Flammarion 2023)<br>Ainsi, les p\u00e9riodes de tr\u00e8s forte chaleur, qui arrivaient une fois par d\u00e9cennie vers 1900, se succ\u00e9deront six fois par d\u00e9cennie ; la p\u00e9riodicit\u00e9 des pr\u00e9cipitations pourrait doubler tous les dix ans, avec plus de 550 d\u00e9sastres par an d\u00e8s 2030, faisant plus de 150 millions de victimes par an en 2050. Sur plus de la moiti\u00e9 de la plan\u00e8te, l\u2019air deviendra irrespirable. Des inondations, des temp\u00e9ratures extr\u00eames d\u00e9truiront des ponts, des routes, des barrages, isolant certaines r\u00e9gions.<br>Le maintien du PIB de ces pays \u00e0 son niveau actuel ne sera m\u00eame pas envisageable. Le niveau de vie des habitants de ces pays s\u2019effondrera. D\u2019ailleurs, une \u00e9tude d\u2019Allianz, publi\u00e9e tout r\u00e9cemment, a chiffr\u00e9 le co\u00fbt \u00e9conomique de l\u2019inaction climatique. Ainsi, on a \u00e9valu\u00e9 \u00e0 0,6 % du produit int\u00e9rieur brut mondial la perte provoqu\u00e9e par les vagues de chaleur des trois derniers mois. Cette \u00e9valuation est sous-estim\u00e9e dans la mesure o\u00f9 les calculs effectu\u00e9s sont approximatifs et incomplets. Ils ne prennent pas en compte le co\u00fbt des catastrophes naturelles, comme les feux de for\u00eat, les s\u00e9cheresses ou les s\u00e9v\u00e8res inondations qui les ont accompagn\u00e9s. Ils se concentrent uniquement sur l\u2019effet bien connu de la chaleur sur la productivit\u00e9 : une journ\u00e9e trop chaude est susceptible de ralentir un chantier, voire d\u2019entra\u00eener sa fermeture temporaire. La m\u00eame situation se produit dans les exploitations agricoles, o\u00f9 les conditions de travail peuvent devenir insupportables. Or les salari\u00e9s qui \u0153uvrent dans des lieux non climatis\u00e9s sont moins efficaces. (cf Le Monde du samedi 12 aout) Une telle \u00e9tude a en effet l\u2019inconv\u00e9nient de s\u2019inscrire dans la logique productiviste qui \u00e9tait en grande partie, \u00e0 l\u2019origine des d\u00e9r\u00e8glements climatiques.<br>A terme, \u00e0 l\u2019horizon 2050, une grande partie de l\u2019Afrique, de l\u2019Asie du Sud, de l\u2019Europe du Sud, et des \u00c9tats-Unis sera effac\u00e9e. L\u2019Europe du Sud conna\u00eetra une s\u00e9cheresse permanente. Les incendies de for\u00eats seront multipli\u00e9s par six aux \u00c9tats-Unis. La plupart des glaciers dispara\u00eetront, en particulier aux p\u00f4les, dans les Alpes, dans la Cordill\u00e8re des Andes et dans l\u2019Himalaya, bouleversant la temp\u00e9rature des oc\u00e9ans, o\u00f9 se d\u00e9versent les fleuves dont d\u00e9pendent les courants ; le niveau de la mer pourrait monter de 20 cm dans le Pacifique, de 35 cm dans l\u2019Atlantique et de 45 cm dans le golfe du Bengale ; ce qui entra\u00eenerait l\u2019engloutissement des Pays-Bas, du Pakistan, du Bangladesh, de la Silicon Valley, et d\u2019une grande partie de villes comme Venise, Miami, La Nouvelle-Orl\u00e9ans, Duba\u00ef, Shenzhen, Shanghai, P\u00e9kin, Jakarta, Ho chi min City, Alexandrie, Bassorah et la plupart des villes c\u00f4ti\u00e8res de la r\u00e9gion \u00e9quatoriale ; de plus, la hausse de la temp\u00e9rature entra\u00eenera des incendies dans les for\u00eats bor\u00e9ales et d\u2019autres acc\u00e9l\u00e9reront la d\u00e9forestation de l\u2019Amazonie consid\u00e9r\u00e9e comme le poumon du Monde. (cf. Althusser op.cit)<br>Plus grave encore, \u00e0 ce rythme, d\u00e8s 2030, 90 % des r\u00e9cifs de corail (o\u00f9 se trouvent 25 % de la vie marine et dont d\u00e9pend l\u2019alimentation de 500 millions de personnes) seront d\u00e9truits, ce qui supprimera une barri\u00e8re de protection des c\u00f4tes, et acc\u00e9l\u00e9rera la d\u00e9gradation de l\u2019\u00e9quilibre chimique de la mer, ce qui pourrait suffire \u00e0 remettre en cause la pr\u00e9sence de la vie sur celle plan\u00e8te.<br>Le processus de r\u00e9chauffement climatique sera alors devenu irr\u00e9versible ; des ph\u00e9nom\u00e8nes cumulatifs se d\u00e9clencheront : l\u2019augmentation de la temp\u00e9rature provoquera la destruction des for\u00eats sib\u00e9riennes et le rel\u00e2chement dans l\u2019atmosph\u00e8re du m\u00e9thane contenu dans le permafrost. Il n\u2019y aura plus suffisamment d\u2019espaces disponibles sur la plan\u00e8te pour planter les arbres n\u00e9cessaires \u00e0 la captation des gaz \u00e0 effet de serre. Il sera trop tard pour revenir en arri\u00e8re et emp\u00eacher un d\u00e9sastre sans fin.<br>C\u2019est dire que la menace climatique est \u00e0 prendre au s\u00e9rieux. Elle n\u2019est pas la seule malheureusement. Il y a une deuxi\u00e8me menace de l\u2019esp\u00e8ce humaine, c\u2018est l\u2019hyper conflit : on se battra pour l\u2019eau, pour la nourriture, pour des mati\u00e8res premi\u00e8res, pour un partage plus juste des richesses, pour s\u2019approprier ou envahir un territoire, pour le quitter, pour s\u2019isoler du monde, pour le conqu\u00e9rir, pour imposer une foi, pour en combattre une autre, pour faire r\u00e9gner des valeurs, pour chasser des gens de chez soi, ou de chez eux.<br>Bien s\u00fbr, le pire n\u2019est jamais certain. On pourrait toujours y rem\u00e9dier en agissant vite et collectivement en mettant l\u2019int\u00e9r\u00eat de l\u2019humanit\u00e9 au-dessus des int\u00e9r\u00eats \u00e9go\u00efstes de chacun pour soi. De toutes les fa\u00e7ons, il serait vain de croire que la question climatique peut \u00eatre r\u00e9solue \u00e0 l\u2019\u00e9chelle d\u2019une r\u00e9gion et encore moins d\u2019un pays. C\u2019est \u00e0 l\u2019\u00e9chelle mondiale que la question doit se traiter. Les peuples du monde entier ont une responsabilit\u00e9 \u00e0 ce niveau ne serait-ce que pour exercer une pression sur leurs gouvernements \u00e0 travers leur bulletin de vote et l\u2019organisation des forums populaires autour du climat. Des actions comme celle qu\u2019a entrepris la jeune su\u00e9doise Greta Thunberg, engag\u00e9e dans la lutte contre le changement climatique, m\u00e9ritent d\u2019\u00eatre \u00e9largies \u00e0 travers le monde. J. Attali plaide pour le lancement d\u2019une \u00ab Alliance internationale des gens de bonne volont\u00e9 \u00bb pour construire les institutions n\u00e9cessaires \u00e0 la mise en \u0153uvre locale et plan\u00e9taire du Grand Virage. Vaste projet !<br>Dans tous les cas, il est permis d\u2019esp\u00e9rer une solution qui nous \u00e9pargnerait cette marche aveugle vers un \u00ab suicide collectif \u00bb. Pour cela, Il faut absolument rompre avec la logique productiviste et s\u2019int\u00e9resser davantage au vivant et \u00e0 la pr\u00e9servation de l\u2019\u00e9quilibre biologique de notre plan\u00e8te. C\u2019est notre bien commun \u00e0 tous.<\/p>\n","protected":false},"excerpt":{"rendered":"<div class=\"mh-excerpt\"><p>Alors que le monde connait une multiplication de catastrophes naturelles sous forme de s\u00e9cheresses r\u00e9p\u00e9titives, d\u2019inondations ravageuses, d\u2019incendies destructeurs, il est temps de r\u00e9fl\u00e9chir \u00e0 l\u2019avenir de ce monde et \u00e0 l\u2019humanit\u00e9 dans son ensemble <a class=\"mh-excerpt-more\" href=\"https:\/\/www.gil24.com\/360\/agir-maintenant-avant-quil-ne-soit-trop-tard-le-monde-face-au-risque-climatique\/\" title=\"Agir maintenant avant qu\u2019il ne soit trop tard\u2026 Le Monde face au risque climatique\">[&#8230;]<\/a><\/p>\n<\/div>","protected":false},"author":2,"featured_media":38241,"comment_status":"open","ping_status":"open","sticky":false,"template":"","format":"standard","meta":{"footnotes":""},"categories":[225,212,61],"tags":[],"class_list":{"0":"post-38240","1":"post","2":"type-post","3":"status-publish","4":"format-standard","5":"has-post-thumbnail","7":"category-225","8":"category-212","9":"category-associations-societe-civile"},"_links":{"self":[{"href":"https:\/\/www.gil24.com\/360\/wp-json\/wp\/v2\/posts\/38240","targetHints":{"allow":["GET"]}}],"collection":[{"href":"https:\/\/www.gil24.com\/360\/wp-json\/wp\/v2\/posts"}],"about":[{"href":"https:\/\/www.gil24.com\/360\/wp-json\/wp\/v2\/types\/post"}],"author":[{"embeddable":true,"href":"https:\/\/www.gil24.com\/360\/wp-json\/wp\/v2\/users\/2"}],"replies":[{"embeddable":true,"href":"https:\/\/www.gil24.com\/360\/wp-json\/wp\/v2\/comments?post=38240"}],"version-history":[{"count":1,"href":"https:\/\/www.gil24.com\/360\/wp-json\/wp\/v2\/posts\/38240\/revisions"}],"predecessor-version":[{"id":38242,"href":"https:\/\/www.gil24.com\/360\/wp-json\/wp\/v2\/posts\/38240\/revisions\/38242"}],"wp:featuredmedia":[{"embeddable":true,"href":"https:\/\/www.gil24.com\/360\/wp-json\/wp\/v2\/media\/38241"}],"wp:attachment":[{"href":"https:\/\/www.gil24.com\/360\/wp-json\/wp\/v2\/media?parent=38240"}],"wp:term":[{"taxonomy":"category","embeddable":true,"href":"https:\/\/www.gil24.com\/360\/wp-json\/wp\/v2\/categories?post=38240"},{"taxonomy":"post_tag","embeddable":true,"href":"https:\/\/www.gil24.com\/360\/wp-json\/wp\/v2\/tags?post=38240"}],"curies":[{"name":"wp","href":"https:\/\/api.w.org\/{rel}","templated":true}]}}